{"id":7463,"date":"2025-02-20T10:37:55","date_gmt":"2025-02-20T09:37:55","guid":{"rendered":"https:\/\/openmindconsulting.it\/?post_type=press-room&#038;p=7463"},"modified":"2025-02-20T10:37:55","modified_gmt":"2025-02-20T09:37:55","slug":"manca-una-settimana-a-cioccolato","status":"publish","type":"press-room","link":"https:\/\/openmindconsulting.it\/it\/press-room\/manca-una-settimana-a-cioccolato\/","title":{"rendered":"Manca una settimana a CioccolaT\u00f2"},"content":{"rendered":"","protected":false},"author":2,"featured_media":7464,"template":"","categories":[124],"tags":[45,50],"class_list":["post-7463","press-room","type-press-room","status-publish","has-post-thumbnail","hentry","category-cioccolato","tag-consumer","tag-trade"],"acf":[],"yoast_head":"<!-- This site is optimized with the Yoast SEO plugin v21.6 - https:\/\/yoast.com\/wordpress\/plugins\/seo\/ -->\n<title>Manca una settimana a CioccolaT\u00f2 - Open Mind Consulting<\/title>\n<meta name=\"description\" content=\"Partito il count-down per il taglio del nastro della nuova edizione di CioccolaT\u00f2, che animer\u00e0 il centro di Torino dal 27 febbraio al 2 marzo 2025.\" \/>\n<meta name=\"robots\" content=\"index, follow, max-snippet:-1, max-image-preview:large, max-video-preview:-1\" \/>\n<link rel=\"canonical\" href=\"https:\/\/openmindconsulting.it\/it\/press-room\/manca-una-settimana-a-cioccolato\/\" \/>\n<meta property=\"og:locale\" content=\"it_IT\" \/>\n<meta property=\"og:type\" content=\"article\" \/>\n<meta property=\"og:title\" content=\"Open Mind Consulting curer\u00e0 la comunicazione di CioccolaT\u00f2 2025 (27 febbraio - 2 marzo)\" \/>\n<meta property=\"og:description\" content=\"Partito il count-down per il taglio del nastro della nuova edizione di CioccolaT\u00f2, che animer\u00e0 il centro di Torino dal 27 febbraio al 2 marzo 2025.\" \/>\n<meta property=\"og:url\" content=\"https:\/\/openmindconsulting.it\/it\/press-room\/manca-una-settimana-a-cioccolato\/\" \/>\n<meta property=\"og:site_name\" content=\"Open Mind Consulting\" \/>\n<meta property=\"og:image\" content=\"https:\/\/openmindconsulting.it\/wp-content\/uploads\/2025\/01\/DSC_0305-scaled.jpg\" \/>\n\t<meta property=\"og:image:width\" content=\"2560\" \/>\n\t<meta property=\"og:image:height\" content=\"1702\" \/>\n\t<meta property=\"og:image:type\" content=\"image\/jpeg\" \/>\n<meta name=\"twitter:card\" content=\"summary_large_image\" \/>\n<meta name=\"twitter:title\" content=\"Open Mind Consulting curer\u00e0 la comunicazione di CioccolaT\u00f2 2025 (27 febbraio - 2 marzo)\" \/>\n<meta name=\"twitter:image\" content=\"https:\/\/openmindconsulting.it\/wp-content\/uploads\/2025\/01\/DSC_0305-scaled.jpg\" \/>\n<script type=\"application\/ld+json\" class=\"yoast-schema-graph\">{\"@context\":\"https:\/\/schema.org\",\"@graph\":[{\"@type\":\"WebPage\",\"@id\":\"https:\/\/openmindconsulting.it\/it\/press-room\/manca-una-settimana-a-cioccolato\/\",\"url\":\"https:\/\/openmindconsulting.it\/it\/press-room\/manca-una-settimana-a-cioccolato\/\",\"name\":\"Manca una settimana a CioccolaT\u00f2 - Open Mind Consulting\",\"isPartOf\":{\"@id\":\"https:\/\/openmindconsulting.it\/it\/#website\"},\"datePublished\":\"2025-02-20T09:37:55+00:00\",\"dateModified\":\"2025-02-20T09:37:55+00:00\",\"description\":\"Partito il count-down per il taglio del nastro della nuova edizione di CioccolaT\u00f2, che animer\u00e0 il centro di Torino dal 27 febbraio al 2 marzo 2025.\",\"breadcrumb\":{\"@id\":\"https:\/\/openmindconsulting.it\/it\/press-room\/manca-una-settimana-a-cioccolato\/#breadcrumb\"},\"inLanguage\":\"it-IT\",\"potentialAction\":[{\"@type\":\"ReadAction\",\"target\":[\"https:\/\/openmindconsulting.it\/it\/press-room\/manca-una-settimana-a-cioccolato\/\"]}]},{\"@type\":\"BreadcrumbList\",\"@id\":\"https:\/\/openmindconsulting.it\/it\/press-room\/manca-una-settimana-a-cioccolato\/#breadcrumb\",\"itemListElement\":[{\"@type\":\"ListItem\",\"position\":1,\"name\":\"Home\",\"item\":\"https:\/\/openmindconsulting.it\/it\/\"},{\"@type\":\"ListItem\",\"position\":2,\"name\":\"Comunicati stampa\",\"item\":\"https:\/\/openmindconsulting.it\/it\/press-room\/\"},{\"@type\":\"ListItem\",\"position\":3,\"name\":\"Manca una settimana a CioccolaT\u00f2\"}]},{\"@type\":\"WebSite\",\"@id\":\"https:\/\/openmindconsulting.it\/it\/#website\",\"url\":\"https:\/\/openmindconsulting.it\/it\/\",\"name\":\"Open Mind Consulting\",\"description\":\"\",\"potentialAction\":[{\"@type\":\"SearchAction\",\"target\":{\"@type\":\"EntryPoint\",\"urlTemplate\":\"https:\/\/openmindconsulting.it\/it\/?s={search_term_string}\"},\"query-input\":\"required name=search_term_string\"}],\"inLanguage\":\"it-IT\"}]}<\/script>\n<!-- \/ Yoast SEO plugin. -->","yoast_head_json":{"title":"Manca una settimana a CioccolaT\u00f2 - Open Mind Consulting","description":"Partito il count-down per il taglio del nastro della nuova edizione di CioccolaT\u00f2, che animer\u00e0 il centro di Torino dal 27 febbraio al 2 marzo 2025.","robots":{"index":"index","follow":"follow","max-snippet":"max-snippet:-1","max-image-preview":"max-image-preview:large","max-video-preview":"max-video-preview:-1"},"canonical":"https:\/\/openmindconsulting.it\/it\/press-room\/manca-una-settimana-a-cioccolato\/","og_locale":"it_IT","og_type":"article","og_title":"Open Mind Consulting curer\u00e0 la comunicazione di CioccolaT\u00f2 2025 (27 febbraio - 2 marzo)","og_description":"Partito il count-down per il taglio del nastro della nuova edizione di CioccolaT\u00f2, che animer\u00e0 il centro di Torino dal 27 febbraio al 2 marzo 2025.","og_url":"https:\/\/openmindconsulting.it\/it\/press-room\/manca-una-settimana-a-cioccolato\/","og_site_name":"Open Mind Consulting","og_image":[{"width":2560,"height":1702,"url":"https:\/\/openmindconsulting.it\/wp-content\/uploads\/2025\/01\/DSC_0305-scaled.jpg","type":"image\/jpeg"}],"twitter_card":"summary_large_image","twitter_title":"Open Mind Consulting curer\u00e0 la comunicazione di CioccolaT\u00f2 2025 (27 febbraio - 2 marzo)","twitter_image":"https:\/\/openmindconsulting.it\/wp-content\/uploads\/2025\/01\/DSC_0305-scaled.jpg","schema":{"@context":"https:\/\/schema.org","@graph":[{"@type":"WebPage","@id":"https:\/\/openmindconsulting.it\/it\/press-room\/manca-una-settimana-a-cioccolato\/","url":"https:\/\/openmindconsulting.it\/it\/press-room\/manca-una-settimana-a-cioccolato\/","name":"Manca una settimana a CioccolaT\u00f2 - Open Mind Consulting","isPartOf":{"@id":"https:\/\/openmindconsulting.it\/it\/#website"},"datePublished":"2025-02-20T09:37:55+00:00","dateModified":"2025-02-20T09:37:55+00:00","description":"Partito il count-down per il taglio del nastro della nuova edizione di CioccolaT\u00f2, che animer\u00e0 il centro di Torino dal 27 febbraio al 2 marzo 2025.","breadcrumb":{"@id":"https:\/\/openmindconsulting.it\/it\/press-room\/manca-una-settimana-a-cioccolato\/#breadcrumb"},"inLanguage":"it-IT","potentialAction":[{"@type":"ReadAction","target":["https:\/\/openmindconsulting.it\/it\/press-room\/manca-una-settimana-a-cioccolato\/"]}]},{"@type":"BreadcrumbList","@id":"https:\/\/openmindconsulting.it\/it\/press-room\/manca-una-settimana-a-cioccolato\/#breadcrumb","itemListElement":[{"@type":"ListItem","position":1,"name":"Home","item":"https:\/\/openmindconsulting.it\/it\/"},{"@type":"ListItem","position":2,"name":"Comunicati stampa","item":"https:\/\/openmindconsulting.it\/it\/press-room\/"},{"@type":"ListItem","position":3,"name":"Manca una settimana a CioccolaT\u00f2"}]},{"@type":"WebSite","@id":"https:\/\/openmindconsulting.it\/it\/#website","url":"https:\/\/openmindconsulting.it\/it\/","name":"Open Mind Consulting","description":"","potentialAction":[{"@type":"SearchAction","target":{"@type":"EntryPoint","urlTemplate":"https:\/\/openmindconsulting.it\/it\/?s={search_term_string}"},"query-input":"required name=search_term_string"}],"inLanguage":"it-IT"}]}},"_links":{"self":[{"href":"https:\/\/openmindconsulting.it\/it\/wp-json\/wp\/v2\/press-room\/7463","targetHints":{"allow":["GET"]}}],"collection":[{"href":"https:\/\/openmindconsulting.it\/it\/wp-json\/wp\/v2\/press-room"}],"about":[{"href":"https:\/\/openmindconsulting.it\/it\/wp-json\/wp\/v2\/types\/press-room"}],"author":[{"embeddable":true,"href":"https:\/\/openmindconsulting.it\/it\/wp-json\/wp\/v2\/users\/2"}],"wp:featuredmedia":[{"embeddable":true,"href":"https:\/\/openmindconsulting.it\/it\/wp-json\/wp\/v2\/media\/7464"}],"wp:attachment":[{"href":"https:\/\/openmindconsulting.it\/it\/wp-json\/wp\/v2\/media?parent=7463"}],"wp:term":[{"taxonomy":"category","embeddable":true,"href":"https:\/\/openmindconsulting.it\/it\/wp-json\/wp\/v2\/categories?post=7463"},{"taxonomy":"post_tag","embeddable":true,"href":"https:\/\/openmindconsulting.it\/it\/wp-json\/wp\/v2\/tags?post=7463"}],"curies":[{"name":"wp","href":"https:\/\/api.w.org\/{rel}","templated":true}]}}